{"id":160,"date":"2023-11-18T20:58:58","date_gmt":"2023-11-18T20:58:58","guid":{"rendered":"https:\/\/desierta.cl\/?p=160"},"modified":"2023-11-18T23:58:22","modified_gmt":"2023-11-18T23:58:22","slug":"nueva-temporada-microcapsulas","status":"publish","type":"post","link":"https:\/\/desierta.cl\/index.php\/2023\/11\/18\/nueva-temporada-microcapsulas\/","title":{"rendered":"Nueva Temporada MicroCapsulas"},"content":{"rendered":"\n<figure class=\"wp-block-image size-large is-resized\"><img decoding=\"async\" src=\"https:\/\/microcapsulas.cl\/wp-content\/uploads\/2022\/05\/cropped-titulo.png\" alt=\"\" style=\"width:1170px;height:auto\"\/><\/figure>\n\n\n\n<p>Nos complacimos en anunciar el lanzamiento de la segunda temporada del aclamado podcast &#8220;Microc\u00e1psulas&#8221;. Esta nueva entrega promete continuar con su misi\u00f3n de explorar y divulgar las riquezas del arte, las culturas y el patrimonio de Chile, llevando a los oyentes a un viaje a\u00fan m\u00e1s profundo y enriquecedor a trav\u00e9s de la historia y la identidad nacional.<\/p>\n\n\n\n<p><\/p>\n\n\n\n<p>La segunda temporada de &#8220;Microc\u00e1psulas&#8221; se estrenar\u00e1 el durante Noviembre 2023, con episodios que se publicar\u00e1n semanalmente en todas las plataformas de podcast. Cada cap\u00edtulo, narrado con la misma pasi\u00f3n y detalle que caracteriz\u00f3 a la primera temporada, se sumerge en temas fascinantes y diversos, desde el simbolismo del Monitor Hu\u00e1scar en la Guerra del Pac\u00edfico hasta la singularidad arquitect\u00f3nica del Templo Luterano de Frutillar, pasando por la importancia del Parque Paleontol\u00f3gico Los Dedos en Atacama.<\/p>\n\n\n\n<p><\/p>\n\n\n\n<p>La primera temporada fue una exploraci\u00f3n maravillosa de diversos aspectos de nuestra cultura y patrimonio. Con esta segunda temporada, profundizamos a\u00fan m\u00e1s en historias no contadas y lugares poco conocidos, destacando la riqueza y diversidad de Chile.<\/p>\n\n\n\n<p><\/p>\n\n\n\n<p>La segunda temporada de &#8220;Microc\u00e1psulas&#8221; no solo promete ser una fuente de entretenimiento e informaci\u00f3n, sino tambi\u00e9n una herramienta educativa valiosa para escuelas y universidades, fomentando el conocimiento y la apreciaci\u00f3n del patrimonio cultural y natural de Chile.<\/p>\n\n\n\n<p><\/p>\n\n\n\n<p>Invitamos a todos a sintonizar &#8220;Microc\u00e1psulas&#8221; y a sumergirse en estas nuevas historias que, sin duda, enriquecer\u00e1n su comprensi\u00f3n y aprecio por la rica tapezca cultural de nuestro pa\u00eds.<\/p>\n\n\n\n<p>Para m\u00e1s informaci\u00f3n, visite <a href=\"http:\/\/www.microcapsulas.cl\">www.microcapsulas.cl<\/a> o siga a &#8220;Microc\u00e1psulas&#8221; en <a href=\"https:\/\/www.instagram.com\/microcapsulas.cl\/\">Instagram<\/a>.<\/p>\n\n\n\n<p><\/p>\n\n\n\n<h2 class=\"wp-block-heading\">Nuestro capitulo mas actualizado<\/h2>\n\n\n\n<figure class=\"wp-block-embed is-type-rich is-provider-spotify wp-block-embed-spotify wp-embed-aspect-21-9 wp-has-aspect-ratio\"><div class=\"wp-block-embed__wrapper\">\n<iframe title=\"Spotify Embed: MicroC\u00e1psulas - Culturas, Arte y Patrimonio \" style=\"border-radius: 12px\" width=\"100%\" height=\"152\" frameborder=\"0\" allowfullscreen allow=\"autoplay; clipboard-write; encrypted-media; fullscreen; picture-in-picture\" loading=\"lazy\" src=\"https:\/\/open.spotify.com\/embed\/show\/43KCmkt1pGiNhiZsuJDFd4?utm_source=oembed\"><\/iframe>\n<\/div><\/figure>\n","protected":false},"excerpt":{"rendered":"<p>Nos complacimos en anunciar el lanzamiento de la segunda temporada del aclamado podcast &#8220;Microc\u00e1psulas&#8221;. Esta nueva entrega promete continuar con su misi\u00f3n de explorar y divulgar las riquezas del arte, las culturas y el patrimonio de Chile, llevando a los oyentes a un viaje a\u00fan m\u00e1s profundo y enriquecedor a trav\u00e9s de la historia y la identidad nacional. La segunda temporada de &#8220;Microc\u00e1psulas&#8221; se estrenar\u00e1 el durante Noviembre 2023, con episodios que se publicar\u00e1n semanalmente en todas las plataformas de podcast. Cada cap\u00edtulo, narrado con la misma pasi\u00f3n y detalle que caracteriz\u00f3 a la primera temporada, se sumerge en temas<\/p>\n","protected":false},"author":1,"featured_media":163,"comment_status":"open","ping_status":"open","sticky":false,"template":"","format":"standard","meta":{"footnotes":""},"categories":[23],"tags":[],"class_list":["post-160","post","type-post","status-publish","format-standard","has-post-thumbnail","hentry","category-microcapsulas"],"_links":{"self":[{"href":"https:\/\/desierta.cl\/index.php\/wp-json\/wp\/v2\/posts\/160","targetHints":{"allow":["GET"]}}],"collection":[{"href":"https:\/\/desierta.cl\/index.php\/wp-json\/wp\/v2\/posts"}],"about":[{"href":"https:\/\/desierta.cl\/index.php\/wp-json\/wp\/v2\/types\/post"}],"author":[{"embeddable":true,"href":"https:\/\/desierta.cl\/index.php\/wp-json\/wp\/v2\/users\/1"}],"replies":[{"embeddable":true,"href":"https:\/\/desierta.cl\/index.php\/wp-json\/wp\/v2\/comments?post=160"}],"version-history":[{"count":2,"href":"https:\/\/desierta.cl\/index.php\/wp-json\/wp\/v2\/posts\/160\/revisions"}],"predecessor-version":[{"id":167,"href":"https:\/\/desierta.cl\/index.php\/wp-json\/wp\/v2\/posts\/160\/revisions\/167"}],"wp:featuredmedia":[{"embeddable":true,"href":"https:\/\/desierta.cl\/index.php\/wp-json\/wp\/v2\/media\/163"}],"wp:attachment":[{"href":"https:\/\/desierta.cl\/index.php\/wp-json\/wp\/v2\/media?parent=160"}],"wp:term":[{"taxonomy":"category","embeddable":true,"href":"https:\/\/desierta.cl\/index.php\/wp-json\/wp\/v2\/categories?post=160"},{"taxonomy":"post_tag","embeddable":true,"href":"https:\/\/desierta.cl\/index.php\/wp-json\/wp\/v2\/tags?post=160"}],"curies":[{"name":"wp","href":"https:\/\/api.w.org\/{rel}","templated":true}]}}